{"id":297,"date":"2025-03-06T19:09:35","date_gmt":"2025-03-06T19:09:35","guid":{"rendered":"https:\/\/lukosvision.cl\/?p=297"},"modified":"2025-03-06T19:09:36","modified_gmt":"2025-03-06T19:09:36","slug":"presidente-de-agorechi-asiste-a-comision-de-hacienda-de-camara-de-diputados-y-diputadas","status":"publish","type":"post","link":"https:\/\/agorechi.cl\/index.php\/2025\/03\/06\/presidente-de-agorechi-asiste-a-comision-de-hacienda-de-camara-de-diputados-y-diputadas\/","title":{"rendered":"Presidente de AGORECHI asiste a Comisi\u00f3n de Hacienda de C\u00e1mara de Diputados y Diputadas"},"content":{"rendered":"\n<ul class=\"wp-block-list\">\n<li>La participaci\u00f3n en esta comisi\u00f3n del Presidente de la Asociaci\u00f3n de Gobernadores y Gobernadoras Regionales de Chile, Rodrigo Mundaca, se dio en el marco del an\u00e1lisis del financiamiento y la ejecuci\u00f3n presupuestaria de los gobiernos regionales para el a\u00f1o 2025.\u00a0<\/li>\n<\/ul>\n\n\n\n<p>El pasado lunes (6 de enero), el presidente de AGORECHI y Gobernador de la regi\u00f3n de Valpara\u00edso, Rodrigo Mundaca, asisti\u00f3 a la Comisi\u00f3n de Hacienda de la Honorable C\u00e1mara de Diputados y Diputadas en compa\u00f1\u00eda del director ejecutivo de la asociaci\u00f3n, Pedro Garc\u00eda; y el director de gesti\u00f3n pol\u00edtica, Ricardo Godoy.<\/p>\n\n\n\n<p>La instancia, presidida por el diputado Carlos Bianchi, adem\u00e1s, cont\u00f3 con la participaci\u00f3n de los diputados: Miguel Mellado, Jaime Naranjo, Boris Barrera, Ricardo Cifuentes, Felipe Donoso, Agust\u00edn Romero, Jaime S\u00e1ez, Frank Sauerbaum, Alexis Sep\u00falveda, Gast\u00f3n Von M\u00fchlenbrock, y las diputadas Camila Rojas y Gael Yeomans.&nbsp;<\/p>\n\n\n\n<p>En dicha ocasi\u00f3n, el gobernador Mundaca, indic\u00f3 que: \u201cTodos los gobernadores planteamos que hoy la descentralizaci\u00f3n sigue siendo un anhelo en lo pol\u00edtico, en lo administrativo y en lo fiscal. Hay un compromiso no cumplido en materia pol\u00edtica\u201d.<\/p>\n\n\n\n<p>Adem\u00e1s, detall\u00f3 los saldos disponibles, distribuci\u00f3n y transferencias a los gobiernos regionales durante el mes de noviembre y diciembre de 2024, destacando que las rebajas presupuestarias presentadas por la Direcci\u00f3n de Presupuesto, DIPRES, han perjudicado el desarrollo de obras en las regiones.<\/p>\n\n\n\n<p>Ante esta situaci\u00f3n, el Gobernador Mundaca exigi\u00f3 la restituci\u00f3n de los recursos no entregados en dichos meses en el presupuesto del presente a\u00f1o, pidiendo avanzar con prontitud con el proyecto de ley \u201cRegiones M\u00e1s Fuertes\u201d. Esa iniciativa legal promueve una mayor autonom\u00eda fiscal de las regiones.&nbsp;<\/p>\n\n\n\n<p>\u201cCuando se nos hacen rebajas presupuestarias no sabemos hacia d\u00f3nde van esos recursos y las respuestas que se nos dan son bastante gen\u00e9ricas. Y creo que ah\u00ed hace falta un detalle m\u00e1s pormenorizado de por qu\u00e9 se hace la rebaja presupuestaria y cu\u00e1l es el destino de los recursos de esa rebaja presupuestaria\u201d, detall\u00f3.&nbsp;<\/p>\n\n\n\n<p>Una moci\u00f3n que fue apoyada por la diputada Camila Rojas (FA), quien indic\u00f3 que \u201clos parlamentarios deben ser los promotores de que esto ocurra\u201d. A su vez, remarc\u00f3 la importancia de los gobiernos regionales y la descentralizaci\u00f3n del pa\u00eds y precis\u00f3 la importancia de que el proyecto sea despachado en el \u00faltimo a\u00f1o de gobierno.&nbsp;<\/p>\n\n\n\n<p>Por su parte, el diputado de la UDI, Gast\u00f3n Von M\u00fchlenbrock, cuestion\u00f3 los tiempos de entrega de los recursos destinados, como tambi\u00e9n los mecanismos burocr\u00e1ticos que retrasan el desarrollo de los territorios de nuestro pa\u00eds.&nbsp;<\/p>\n\n\n\n<p>En la jornada, el gobernador Mundaca, tambi\u00e9n invit\u00f3 a escuchar a los trabajadores y trabajadoras de los gobiernos regionales, que tienen un proyecto de encasillamiento que busca fortalecer y mejorar sus condiciones laborales.<\/p>\n\n\n\n<p>Por Comunicaciones AGORECHI&nbsp;<\/p>\n","protected":false},"excerpt":{"rendered":"<p>El pasado lunes (6 de enero), el presidente de AGORECHI y Gobernador de la regi\u00f3n de Valpara\u00edso, Rodrigo Mundaca, asisti\u00f3 a la Comisi\u00f3n de Hacienda de la Honorable C\u00e1mara de Diputados y Diputadas en compa\u00f1\u00eda del director ejecutivo de la asociaci\u00f3n, Pedro Garc\u00eda; y el director de gesti\u00f3n pol\u00edtica, Ricardo Godoy. La instancia, presidida por&#8230;<\/p>\n","protected":false},"author":1,"featured_media":298,"comment_status":"open","ping_status":"open","sticky":false,"template":"","format":"standard","meta":{"_acf_changed":false,"_uag_custom_page_level_css":"","_kadence_starter_templates_imported_post":false,"_kad_post_transparent":"","_kad_post_title":"","_kad_post_layout":"","_kad_post_sidebar_id":"","_kad_post_content_style":"","_kad_post_vertical_padding":"","_kad_post_feature":"","_kad_post_feature_position":"","_kad_post_header":false,"_kad_post_footer":false,"footnotes":""},"categories":[8],"tags":[],"class_list":["post-297","post","type-post","status-publish","format-standard","has-post-thumbnail","hentry","category-sala-prensa"],"acf":[],"uagb_featured_image_src":{"full":["https:\/\/agorechi.cl\/wp-content\/uploads\/2025\/03\/Presidente-de-AGORECHI-asiste-a-Comision-de-Hacienda-de-Camara-de-Diputados-y-Diputadas.webp",1280,960,false],"thumbnail":["https:\/\/agorechi.cl\/wp-content\/uploads\/2025\/03\/Presidente-de-AGORECHI-asiste-a-Comision-de-Hacienda-de-Camara-de-Diputados-y-Diputadas-150x150.webp",150,150,true],"medium":["https:\/\/agorechi.cl\/wp-content\/uploads\/2025\/03\/Presidente-de-AGORECHI-asiste-a-Comision-de-Hacienda-de-Camara-de-Diputados-y-Diputadas-300x225.webp",300,225,true],"medium_large":["https:\/\/agorechi.cl\/wp-content\/uploads\/2025\/03\/Presidente-de-AGORECHI-asiste-a-Comision-de-Hacienda-de-Camara-de-Diputados-y-Diputadas-768x576.webp",768,576,true],"large":["https:\/\/agorechi.cl\/wp-content\/uploads\/2025\/03\/Presidente-de-AGORECHI-asiste-a-Comision-de-Hacienda-de-Camara-de-Diputados-y-Diputadas-1024x768.webp",1024,768,true],"1536x1536":["https:\/\/agorechi.cl\/wp-content\/uploads\/2025\/03\/Presidente-de-AGORECHI-asiste-a-Comision-de-Hacienda-de-Camara-de-Diputados-y-Diputadas.webp",1280,960,false],"2048x2048":["https:\/\/agorechi.cl\/wp-content\/uploads\/2025\/03\/Presidente-de-AGORECHI-asiste-a-Comision-de-Hacienda-de-Camara-de-Diputados-y-Diputadas.webp",1280,960,false]},"uagb_author_info":{"display_name":"admin","author_link":"https:\/\/agorechi.cl\/index.php\/author\/admin\/"},"uagb_comment_info":0,"uagb_excerpt":"El pasado lunes (6 de enero), el presidente de AGORECHI y Gobernador de la regi\u00f3n de Valpara\u00edso, Rodrigo Mundaca, asisti\u00f3 a la Comisi\u00f3n de Hacienda de la Honorable C\u00e1mara de Diputados y Diputadas en compa\u00f1\u00eda del director ejecutivo de la asociaci\u00f3n, Pedro Garc\u00eda; y el director de gesti\u00f3n pol\u00edtica, Ricardo Godoy. La instancia, presidida por...","_links":{"self":[{"href":"https:\/\/agorechi.cl\/index.php\/wp-json\/wp\/v2\/posts\/297","targetHints":{"allow":["GET"]}}],"collection":[{"href":"https:\/\/agorechi.cl\/index.php\/wp-json\/wp\/v2\/posts"}],"about":[{"href":"https:\/\/agorechi.cl\/index.php\/wp-json\/wp\/v2\/types\/post"}],"author":[{"embeddable":true,"href":"https:\/\/agorechi.cl\/index.php\/wp-json\/wp\/v2\/users\/1"}],"replies":[{"embeddable":true,"href":"https:\/\/agorechi.cl\/index.php\/wp-json\/wp\/v2\/comments?post=297"}],"version-history":[{"count":1,"href":"https:\/\/agorechi.cl\/index.php\/wp-json\/wp\/v2\/posts\/297\/revisions"}],"predecessor-version":[{"id":299,"href":"https:\/\/agorechi.cl\/index.php\/wp-json\/wp\/v2\/posts\/297\/revisions\/299"}],"wp:featuredmedia":[{"embeddable":true,"href":"https:\/\/agorechi.cl\/index.php\/wp-json\/wp\/v2\/media\/298"}],"wp:attachment":[{"href":"https:\/\/agorechi.cl\/index.php\/wp-json\/wp\/v2\/media?parent=297"}],"wp:term":[{"taxonomy":"category","embeddable":true,"href":"https:\/\/agorechi.cl\/index.php\/wp-json\/wp\/v2\/categories?post=297"},{"taxonomy":"post_tag","embeddable":true,"href":"https:\/\/agorechi.cl\/index.php\/wp-json\/wp\/v2\/tags?post=297"}],"curies":[{"name":"wp","href":"https:\/\/api.w.org\/{rel}","templated":true}]}}