{"id":1918,"date":"2026-09-01T15:27:48","date_gmt":"2026-09-01T15:27:48","guid":{"rendered":"https:\/\/agorechi.cl\/?p=1918"},"modified":"2026-09-01T15:27:50","modified_gmt":"2026-09-01T15:27:50","slug":"gobernadores-regionales-participaron-en-cumbre-de-la-mineria-2026","status":"publish","type":"post","link":"https:\/\/agorechi.cl\/index.php\/2026\/09\/01\/gobernadores-regionales-participaron-en-cumbre-de-la-mineria-2026\/","title":{"rendered":"Gobernadores regionales participaron en Cumbre de la Miner\u00eda 2026"},"content":{"rendered":"\n<ul class=\"wp-block-list\">\n<li><strong>La iniciativa, organizada por la Sociedad Nacional de Miner\u00eda, permiti\u00f3 reflexionar sobre los desaf\u00edos del \u00e1rea y el impacto en los territorios. En el evento participaron las autoridades regionales de Tarapac\u00e1, Antofagasta, Atacama y Coquimbo.\u00a0<\/strong><\/li>\n<\/ul>\n\n\n\n<p class=\"wp-block-paragraph\">El pasado 27 de agosto, en Santiago,&nbsp; se llev\u00f3 a cabo la Cumbre de la Miner\u00eda 2026 de SONAMI. A esta instancia, considerada un punto de encuentro clave en el sector, fueron invitados los gobernadores regionales de Tarapac\u00e1, Jos\u00e9 Miguel Carvajal; de Antofagasta, Ricardo D\u00edaz; de Atacama, Miguel Vargas; y de Coquimbo, Crist\u00f3bal Juli\u00e1.&nbsp;<\/p>\n\n\n\n<p class=\"wp-block-paragraph\">Las autoridades participaron en el panel \u201cMiner\u00eda despu\u00e9s de la miner\u00eda: nuevos desaf\u00edos y oportunidades territoriales\u201d, donde abordaron las brechas, gobernanza territorial y atracci\u00f3n de inversiones.<\/p>\n\n\n\n<p class=\"wp-block-paragraph\">Para Jos\u00e9 Miguel Carvajal, gobernador de Tarapac\u00e1, \u201cla competitividad de la miner\u00eda no solo se juega dentro de las faenas; tambi\u00e9n se juega fuera de ellas, en el territorio: en que exista el recurso humano, que la conectividad funcione, que las ciudades no queden aisladas y que el aparato p\u00fablico pueda responder ante una emergencia\u201d.&nbsp;<\/p>\n\n\n\n<p class=\"wp-block-paragraph\">Miguel Vargas, autoridad de Atacama, expres\u00f3 que hay un consenso en torno a la importancia de promover la inversi\u00f3n en miner\u00eda, eso no tiene discusi\u00f3n, a\u00f1adiendo que \u201cla miner\u00eda genera dinamismo econ\u00f3mico no solo para Chile, sino que particularmente para las regiones del norte; genera puestos de trabajo, contrataci\u00f3n de servicios y encadenamientos con otras actividades productivas. Tambi\u00e9n promueve la inversi\u00f3n p\u00fablica en el fortalecimiento de la red vial y tiene muchas externalidades positivas\u201d.&nbsp;<\/p>\n\n\n\n<p class=\"wp-block-paragraph\">Por su parte, el gobernador Coquimbo, Crist\u00f3bal Juli\u00e1, valor\u00f3 el encuentro, remarcando \u201cque se haya hecho esta instancia donde se convoca a la peque\u00f1a, a la mediana y la gran miner\u00eda, es bastante positivo, porque abre un espacio de conversaci\u00f3n, abre un di\u00e1logo, nos permite tambi\u00e9n establecer cu\u00e1les son las brechas que hay en distintas regiones. Estamos en esta jornada 4 gobernadores regionales de 4 regiones, las m\u00e1s mineras de Chile y es sumamente importante que estemos ac\u00e1\u201d.<\/p>\n\n\n\n<p class=\"wp-block-paragraph\">Esta fue la primera edici\u00f3n de la Cumbre de la Miner\u00eda de SONAMI, formato que ampl\u00eda la tradicional Cena Anual e incorpora paneles y espacios de di\u00e1logo entre autoridades, expertos y representantes de la peque\u00f1a, mediana y gran miner\u00eda.<\/p>\n\n\n\n<p class=\"wp-block-paragraph\">La jornada reuni\u00f3 al Presidente de la Rep\u00fablica, Jos\u00e9 Antonio Kast; al presidente de SONAMI, Jorge Riesco; al biministro de Econom\u00eda y Miner\u00eda, Daniel Mas; y a autoridades mineras de Canad\u00e1, Argentina, Ecuador, Bolivia y Rep\u00fablica Dominicana.<\/p>\n\n\n\n<p class=\"wp-block-paragraph\">Por Comunicaciones AGORECHI<\/p>\n\n\n\n<figure class=\"wp-block-image size-large\"><img fetchpriority=\"high\" decoding=\"async\" width=\"1024\" height=\"576\" src=\"https:\/\/agorechi.cl\/wp-content\/uploads\/2026\/09\/788639711_18620663332034870_4299833027971105558_n-1024x576.webp\" alt=\"\" class=\"wp-image-1920\" srcset=\"https:\/\/agorechi.cl\/wp-content\/uploads\/2026\/09\/788639711_18620663332034870_4299833027971105558_n-1024x576.webp 1024w, https:\/\/agorechi.cl\/wp-content\/uploads\/2026\/09\/788639711_18620663332034870_4299833027971105558_n-300x169.webp 300w, https:\/\/agorechi.cl\/wp-content\/uploads\/2026\/09\/788639711_18620663332034870_4299833027971105558_n-768x432.webp 768w, https:\/\/agorechi.cl\/wp-content\/uploads\/2026\/09\/788639711_18620663332034870_4299833027971105558_n.webp 1170w\" sizes=\"(max-width: 1024px) 100vw, 1024px\" \/><\/figure>\n","protected":false},"excerpt":{"rendered":"<p>El pasado 27 de agosto, en Santiago,&nbsp; se llev\u00f3 a cabo la Cumbre de la Miner\u00eda 2026 de SONAMI. A esta instancia, considerada un punto de encuentro clave en el sector, fueron invitados los gobernadores regionales de Tarapac\u00e1, Jos\u00e9 Miguel Carvajal; de Antofagasta, Ricardo D\u00edaz; de Atacama, Miguel Vargas; y de Coquimbo, Crist\u00f3bal Juli\u00e1.&nbsp; Las&#8230;<\/p>\n","protected":false},"author":1,"featured_media":1919,"comment_status":"open","ping_status":"open","sticky":false,"template":"","format":"standard","meta":{"_acf_changed":false,"_uag_custom_page_level_css":"","_kadence_starter_templates_imported_post":false,"_kad_post_transparent":"","_kad_post_title":"","_kad_post_layout":"","_kad_post_sidebar_id":"","_kad_post_content_style":"","_kad_post_vertical_padding":"","_kad_post_feature":"","_kad_post_feature_position":"","_kad_post_header":false,"_kad_post_footer":false,"footnotes":""},"categories":[1,8],"tags":[],"class_list":["post-1918","post","type-post","status-publish","format-standard","has-post-thumbnail","hentry","category-noticias","category-sala-prensa"],"acf":[],"uagb_featured_image_src":{"full":["https:\/\/agorechi.cl\/wp-content\/uploads\/2026\/09\/787574115_18620663308034870_906075193896276195_n.webp",1170,658,false],"thumbnail":["https:\/\/agorechi.cl\/wp-content\/uploads\/2026\/09\/787574115_18620663308034870_906075193896276195_n-150x150.webp",150,150,true],"medium":["https:\/\/agorechi.cl\/wp-content\/uploads\/2026\/09\/787574115_18620663308034870_906075193896276195_n-300x169.webp",300,169,true],"medium_large":["https:\/\/agorechi.cl\/wp-content\/uploads\/2026\/09\/787574115_18620663308034870_906075193896276195_n-768x432.webp",768,432,true],"large":["https:\/\/agorechi.cl\/wp-content\/uploads\/2026\/09\/787574115_18620663308034870_906075193896276195_n-1024x576.webp",1024,576,true],"1536x1536":["https:\/\/agorechi.cl\/wp-content\/uploads\/2026\/09\/787574115_18620663308034870_906075193896276195_n.webp",1170,658,false],"2048x2048":["https:\/\/agorechi.cl\/wp-content\/uploads\/2026\/09\/787574115_18620663308034870_906075193896276195_n.webp",1170,658,false]},"uagb_author_info":{"display_name":"admin","author_link":"https:\/\/agorechi.cl\/index.php\/author\/admin\/"},"uagb_comment_info":0,"uagb_excerpt":"El pasado 27 de agosto, en Santiago,&nbsp; se llev\u00f3 a cabo la Cumbre de la Miner\u00eda 2026 de SONAMI. A esta instancia, considerada un punto de encuentro clave en el sector, fueron invitados los gobernadores regionales de Tarapac\u00e1, Jos\u00e9 Miguel Carvajal; de Antofagasta, Ricardo D\u00edaz; de Atacama, Miguel Vargas; y de Coquimbo, Crist\u00f3bal Juli\u00e1.&nbsp; Las...","_links":{"self":[{"href":"https:\/\/agorechi.cl\/index.php\/wp-json\/wp\/v2\/posts\/1918","targetHints":{"allow":["GET"]}}],"collection":[{"href":"https:\/\/agorechi.cl\/index.php\/wp-json\/wp\/v2\/posts"}],"about":[{"href":"https:\/\/agorechi.cl\/index.php\/wp-json\/wp\/v2\/types\/post"}],"author":[{"embeddable":true,"href":"https:\/\/agorechi.cl\/index.php\/wp-json\/wp\/v2\/users\/1"}],"replies":[{"embeddable":true,"href":"https:\/\/agorechi.cl\/index.php\/wp-json\/wp\/v2\/comments?post=1918"}],"version-history":[{"count":1,"href":"https:\/\/agorechi.cl\/index.php\/wp-json\/wp\/v2\/posts\/1918\/revisions"}],"predecessor-version":[{"id":1921,"href":"https:\/\/agorechi.cl\/index.php\/wp-json\/wp\/v2\/posts\/1918\/revisions\/1921"}],"wp:featuredmedia":[{"embeddable":true,"href":"https:\/\/agorechi.cl\/index.php\/wp-json\/wp\/v2\/media\/1919"}],"wp:attachment":[{"href":"https:\/\/agorechi.cl\/index.php\/wp-json\/wp\/v2\/media?parent=1918"}],"wp:term":[{"taxonomy":"category","embeddable":true,"href":"https:\/\/agorechi.cl\/index.php\/wp-json\/wp\/v2\/categories?post=1918"},{"taxonomy":"post_tag","embeddable":true,"href":"https:\/\/agorechi.cl\/index.php\/wp-json\/wp\/v2\/tags?post=1918"}],"curies":[{"name":"wp","href":"https:\/\/api.w.org\/{rel}","templated":true}]}}