{"id":1780,"date":"2026-04-30T15:48:17","date_gmt":"2026-04-30T15:48:17","guid":{"rendered":"https:\/\/agorechi.cl\/?p=1780"},"modified":"2026-04-30T15:48:18","modified_gmt":"2026-04-30T15:48:18","slug":"vicepresidente-de-agorechi-se-reune-con-representantes-de-corporacion-nacional-de-mujeres-de-la-pesca-de-chile","status":"publish","type":"post","link":"https:\/\/agorechi.cl\/index.php\/2026\/04\/30\/vicepresidente-de-agorechi-se-reune-con-representantes-de-corporacion-nacional-de-mujeres-de-la-pesca-de-chile\/","title":{"rendered":"Vicepresidente de AGORECHI se re\u00fane con representantes de Corporaci\u00f3n Nacional de Mujeres de la Pesca de Chile"},"content":{"rendered":"\n<ul class=\"wp-block-list\">\n<li>Las pescadoras se reunieron con el Gobernador Regional de Valpara\u00edso, Rodrigo Mundaca, a quien dieron cuenta del rol de su organizaci\u00f3n y las problem\u00e1ticas que enfrentan en las diferentes regiones del pa\u00eds.\u00a0<\/li>\n<\/ul>\n\n\n\n<p>El pasado 23 de abril, en dependencias de la Asociaci\u00f3n de Gobernadores Regionales de Chile, el vicepresidente de la Asociaci\u00f3n de Gobernadores Regionales y Gobernador Regional de Valpara\u00edso, Rodrigo Mundaca, se reuni\u00f3 con representantes de la<strong> <\/strong>Corporaci\u00f3n Nacional de Mujeres de la Pesca de Chile, instancia donde tambi\u00e9n estuvo acompa\u00f1ado por Ricardo Godoy, director ejecutivo de la asociaci\u00f3n.&nbsp;<\/p>\n\n\n\n<p>Hasta la sede, ubicada en Bandera 84, Santiago, lleg\u00f3 Sara Garrido, presidenta del gremio, quien abord\u00f3 el rol de la organizaci\u00f3n, se\u00f1alando que son una instancia que congrega a mujeres de la pesca artesanal y sus actividades conexas, promueve la equidad de g\u00e9nero, el liderazgo, la autonom\u00eda econ\u00f3mica y la participaci\u00f3n efectiva en el \u00e1rea que las convoca.<\/p>\n\n\n\n<p>La corporaci\u00f3n est\u00e1 presente en 12 de las 16 regiones del pa\u00eds, agrupando alrededor de 10.000 mujeres de la pesca artesanal del pa\u00eds, donde destacan mujeres pescadoras, recolectoras de orilla, armadoras, acuicultoras, actividades conexas (encarnadoras, rederas, charqueadoras, fileteadoras, carapacheras, desconchadoras, ahumadoras, amarradoras de algas), entre otras.&nbsp;<\/p>\n\n\n\n<p>En la instancia, la dirigente expuso sobre la importancia de visibilizar y valorar el aporte que ellas realizan en la cadena productiva, rol que consideran que \u201cha sido hist\u00f3ricamente invisibilizado\u201d.<\/p>\n\n\n\n<p>En su visita, tambi\u00e9n plantearon la necesidad de impulsar una modificaci\u00f3n a la Ley General de Pesca y Acuicultura Chilena (Ley 21.370), proponiendo la incorporaci\u00f3n del enfoque de g\u00e9nero en la ley estableciendo cuotas de g\u00e9nero en todos los organismos creados por dicha norma y el reconocimiento de las Actividades Conexas en esta ley.\u00a0<\/p>\n\n\n\n<p>Las actividades conexas, seg\u00fan detallaron incluye las labores de: encarnadoras, tejedoras,\u00a0charqueadoras, ahumadoras, carapacheras, desconchadoras, fileteadora, amarradora o enfardadora de algas, carpintera de Ribera y colectoras de mitilidos.\u00a0<\/p>\n\n\n\n<figure class=\"wp-block-image size-large\"><img fetchpriority=\"high\" decoding=\"async\" width=\"1024\" height=\"683\" src=\"https:\/\/agorechi.cl\/wp-content\/uploads\/2026\/04\/DSC08018-1024x683.jpg\" alt=\"\" class=\"wp-image-1783\" srcset=\"https:\/\/agorechi.cl\/wp-content\/uploads\/2026\/04\/DSC08018-1024x683.jpg 1024w, https:\/\/agorechi.cl\/wp-content\/uploads\/2026\/04\/DSC08018-300x200.jpg 300w, https:\/\/agorechi.cl\/wp-content\/uploads\/2026\/04\/DSC08018-768x512.jpg 768w, https:\/\/agorechi.cl\/wp-content\/uploads\/2026\/04\/DSC08018-1536x1024.jpg 1536w, https:\/\/agorechi.cl\/wp-content\/uploads\/2026\/04\/DSC08018-2048x1365.jpg 2048w\" sizes=\"(max-width: 1024px) 100vw, 1024px\" \/><\/figure>\n\n\n\n<figure class=\"wp-block-image size-large\"><img decoding=\"async\" width=\"1024\" height=\"683\" src=\"https:\/\/agorechi.cl\/wp-content\/uploads\/2026\/04\/DSC07991-1024x683.jpg\" alt=\"\" class=\"wp-image-1784\" srcset=\"https:\/\/agorechi.cl\/wp-content\/uploads\/2026\/04\/DSC07991-1024x683.jpg 1024w, https:\/\/agorechi.cl\/wp-content\/uploads\/2026\/04\/DSC07991-300x200.jpg 300w, https:\/\/agorechi.cl\/wp-content\/uploads\/2026\/04\/DSC07991-768x512.jpg 768w, https:\/\/agorechi.cl\/wp-content\/uploads\/2026\/04\/DSC07991-1536x1024.jpg 1536w, https:\/\/agorechi.cl\/wp-content\/uploads\/2026\/04\/DSC07991-2048x1365.jpg 2048w\" sizes=\"(max-width: 1024px) 100vw, 1024px\" \/><\/figure>\n","protected":false},"excerpt":{"rendered":"<p>El pasado 23 de abril, en dependencias de la Asociaci\u00f3n de Gobernadores Regionales de Chile, el vicepresidente de la Asociaci\u00f3n de Gobernadores Regionales y Gobernador Regional de Valpara\u00edso, Rodrigo Mundaca, se reuni\u00f3 con representantes de la Corporaci\u00f3n Nacional de Mujeres de la Pesca de Chile, instancia donde tambi\u00e9n estuvo acompa\u00f1ado por Ricardo Godoy, director ejecutivo&#8230;<\/p>\n","protected":false},"author":1,"featured_media":1781,"comment_status":"open","ping_status":"open","sticky":false,"template":"","format":"standard","meta":{"_acf_changed":false,"_uag_custom_page_level_css":"","_kadence_starter_templates_imported_post":false,"_kad_post_transparent":"","_kad_post_title":"","_kad_post_layout":"","_kad_post_sidebar_id":"","_kad_post_content_style":"","_kad_post_vertical_padding":"","_kad_post_feature":"","_kad_post_feature_position":"","_kad_post_header":false,"_kad_post_footer":false,"footnotes":""},"categories":[1,8],"tags":[],"class_list":["post-1780","post","type-post","status-publish","format-standard","has-post-thumbnail","hentry","category-noticias","category-sala-prensa"],"acf":[],"uagb_featured_image_src":{"full":["https:\/\/agorechi.cl\/wp-content\/uploads\/2026\/04\/DSC08052-scaled.jpg",2560,1707,false],"thumbnail":["https:\/\/agorechi.cl\/wp-content\/uploads\/2026\/04\/DSC08052-150x150.jpg",150,150,true],"medium":["https:\/\/agorechi.cl\/wp-content\/uploads\/2026\/04\/DSC08052-300x200.jpg",300,200,true],"medium_large":["https:\/\/agorechi.cl\/wp-content\/uploads\/2026\/04\/DSC08052-768x512.jpg",768,512,true],"large":["https:\/\/agorechi.cl\/wp-content\/uploads\/2026\/04\/DSC08052-1024x683.jpg",1024,683,true],"1536x1536":["https:\/\/agorechi.cl\/wp-content\/uploads\/2026\/04\/DSC08052-1536x1024.jpg",1536,1024,true],"2048x2048":["https:\/\/agorechi.cl\/wp-content\/uploads\/2026\/04\/DSC08052-2048x1365.jpg",2048,1365,true]},"uagb_author_info":{"display_name":"admin","author_link":"https:\/\/agorechi.cl\/index.php\/author\/admin\/"},"uagb_comment_info":0,"uagb_excerpt":"El pasado 23 de abril, en dependencias de la Asociaci\u00f3n de Gobernadores Regionales de Chile, el vicepresidente de la Asociaci\u00f3n de Gobernadores Regionales y Gobernador Regional de Valpara\u00edso, Rodrigo Mundaca, se reuni\u00f3 con representantes de la Corporaci\u00f3n Nacional de Mujeres de la Pesca de Chile, instancia donde tambi\u00e9n estuvo acompa\u00f1ado por Ricardo Godoy, director ejecutivo...","_links":{"self":[{"href":"https:\/\/agorechi.cl\/index.php\/wp-json\/wp\/v2\/posts\/1780","targetHints":{"allow":["GET"]}}],"collection":[{"href":"https:\/\/agorechi.cl\/index.php\/wp-json\/wp\/v2\/posts"}],"about":[{"href":"https:\/\/agorechi.cl\/index.php\/wp-json\/wp\/v2\/types\/post"}],"author":[{"embeddable":true,"href":"https:\/\/agorechi.cl\/index.php\/wp-json\/wp\/v2\/users\/1"}],"replies":[{"embeddable":true,"href":"https:\/\/agorechi.cl\/index.php\/wp-json\/wp\/v2\/comments?post=1780"}],"version-history":[{"count":1,"href":"https:\/\/agorechi.cl\/index.php\/wp-json\/wp\/v2\/posts\/1780\/revisions"}],"predecessor-version":[{"id":1785,"href":"https:\/\/agorechi.cl\/index.php\/wp-json\/wp\/v2\/posts\/1780\/revisions\/1785"}],"wp:featuredmedia":[{"embeddable":true,"href":"https:\/\/agorechi.cl\/index.php\/wp-json\/wp\/v2\/media\/1781"}],"wp:attachment":[{"href":"https:\/\/agorechi.cl\/index.php\/wp-json\/wp\/v2\/media?parent=1780"}],"wp:term":[{"taxonomy":"category","embeddable":true,"href":"https:\/\/agorechi.cl\/index.php\/wp-json\/wp\/v2\/categories?post=1780"},{"taxonomy":"post_tag","embeddable":true,"href":"https:\/\/agorechi.cl\/index.php\/wp-json\/wp\/v2\/tags?post=1780"}],"curies":[{"name":"wp","href":"https:\/\/api.w.org\/{rel}","templated":true}]}}