{"id":1774,"date":"2026-04-23T18:04:09","date_gmt":"2026-04-23T18:04:09","guid":{"rendered":"https:\/\/agorechi.cl\/?p=1774"},"modified":"2026-04-28T18:05:20","modified_gmt":"2026-04-28T18:05:20","slug":"gobernadores-regionales-se-reunieron-con-autoridades-de-interior-y-contraloria-general-de-la-republica","status":"publish","type":"post","link":"https:\/\/agorechi.cl\/index.php\/2026\/04\/23\/gobernadores-regionales-se-reunieron-con-autoridades-de-interior-y-contraloria-general-de-la-republica\/","title":{"rendered":"Gobernadores Regionales se reunieron con autoridades de Interior y Contralor\u00eda General de la Rep\u00fablica"},"content":{"rendered":"\n<ul class=\"wp-block-list\">\n<li>Con agenda en Santiago, marcada por la descentralizaci\u00f3n, el directorio 2026 de AGORECHI se reuni\u00f3 con diferentes autoridades. Entre ellos, Claudio Alvarado, ministro de Interior, y Dorothy P\u00e9rez, Contralora General de la Rep\u00fablica.\u00a0<\/li>\n<\/ul>\n\n\n\n<p>El directorio 2026 de la Asociaci\u00f3n de Gobernadores Regionales de Chile sostuvo una serie de reuniones en Santiago para avanzar en materias de descentralizaci\u00f3n, autonom\u00eda y flexibilidad financiera, transparencia y probidad. La agenda incluy\u00f3 reuniones en el Ministerio del Interior, la Contralor\u00eda General de la Rep\u00fablica y la Direcci\u00f3n de Presupuestos (Dipres).&nbsp;<\/p>\n\n\n\n<p>La delegaci\u00f3n estuvo conformada por el presidente y Gobernador de Los Lagos, Alejandro Santana; el vicepresidente y Gobernador de Valpara\u00edso, Rodrigo Mundaca; el tesorero y Gobernador de Antofagasta, Ricardo D\u00edaz; la secretaria y Gobernadora (s) de Coquimbo, Loreto Molina; los directores y Gobernadores de Biob\u00edo y Los R\u00edos, Sergio Giacaman y Luis Cuvertino, respectivamente.&nbsp;<\/p>\n\n\n\n<figure class=\"wp-block-image size-large\"><img fetchpriority=\"high\" decoding=\"async\" width=\"1024\" height=\"683\" src=\"https:\/\/agorechi.cl\/wp-content\/uploads\/2026\/04\/DSC07779-1024x683.jpg\" alt=\"\" class=\"wp-image-1776\" srcset=\"https:\/\/agorechi.cl\/wp-content\/uploads\/2026\/04\/DSC07779-1024x683.jpg 1024w, https:\/\/agorechi.cl\/wp-content\/uploads\/2026\/04\/DSC07779-300x200.jpg 300w, https:\/\/agorechi.cl\/wp-content\/uploads\/2026\/04\/DSC07779-768x512.jpg 768w, https:\/\/agorechi.cl\/wp-content\/uploads\/2026\/04\/DSC07779-1536x1024.jpg 1536w, https:\/\/agorechi.cl\/wp-content\/uploads\/2026\/04\/DSC07779-2048x1365.jpg 2048w\" sizes=\"(max-width: 1024px) 100vw, 1024px\" \/><\/figure>\n\n\n\n<p>La jornada comenz\u00f3 en la Direcci\u00f3n de Presupuesto (Dipres), ubicada en el Ministerio de Hacienda, hasta donde llegaron para reunirse con el Subdirector de Presupuestos, Claudio Mart\u00ednez Villa.&nbsp;<\/p>\n\n\n\n<p>En la instancia, las autoridades regionales abordaron algunas contingencias que afectan de manera transversal a los gobiernos regionales, como es el caso de modificaciones presupuestarias, falta de reconocimiento de la deuda flotante, una serie de retrasos en temas administrativos asociados a contrataci\u00f3n de personal, entre otros.&nbsp;<\/p>\n\n\n\n<p>Posteriormente, las autoridades regionales se reunieron con Dorothy P\u00e9rez, Contralora General de la Rep\u00fablica, con quien abordaron la importancia de reactivar la mesa de trabajo tripartita (AGORECHI, Contralor\u00eda y Dipres), adem\u00e1s de solicitar la unificaci\u00f3n de criterios de interpretaci\u00f3n de las contralor\u00edas regionales, conocer el estado de tramitaci\u00f3n de los decretos de transferencia de competencias, entre otros.&nbsp;<\/p>\n\n\n\n<p>La jornada de reuniones concluy\u00f3 en La&nbsp; Moneda, hasta donde llegaron los gobernadores regionales para reunirse con Claudio Alvarado, ministro de Interior, con quien trataron proyectos de ley claves para la descentralizaci\u00f3n, transferencia de competencias entre otros aspectos claves para un trabajo colaborativo con el actual gobierno. En la cita, tambi\u00e9n estuvo presente Sebasti\u00e1n Figueroa Melo, Subsecretario de Desarrollo Regional y Administrativo (Subdere).&nbsp;<\/p>\n\n\n\n<p>Las autoridades regionales esperan que estas reuniones les permitan destrabar nudos cr\u00edticos para avanzar y mejorar en sus respectivas gestiones en los territorios.&nbsp;<\/p>\n\n\n\n<figure class=\"wp-block-image size-large\"><img decoding=\"async\" width=\"1024\" height=\"683\" src=\"https:\/\/agorechi.cl\/wp-content\/uploads\/2026\/04\/DSC07812-1024x683.jpg\" alt=\"\" class=\"wp-image-1777\" srcset=\"https:\/\/agorechi.cl\/wp-content\/uploads\/2026\/04\/DSC07812-1024x683.jpg 1024w, https:\/\/agorechi.cl\/wp-content\/uploads\/2026\/04\/DSC07812-300x200.jpg 300w, https:\/\/agorechi.cl\/wp-content\/uploads\/2026\/04\/DSC07812-768x512.jpg 768w, https:\/\/agorechi.cl\/wp-content\/uploads\/2026\/04\/DSC07812-1536x1024.jpg 1536w, https:\/\/agorechi.cl\/wp-content\/uploads\/2026\/04\/DSC07812-2048x1365.jpg 2048w\" sizes=\"(max-width: 1024px) 100vw, 1024px\" \/><\/figure>\n","protected":false},"excerpt":{"rendered":"<p>El directorio 2026 de la Asociaci\u00f3n de Gobernadores Regionales de Chile sostuvo una serie de reuniones en Santiago para avanzar en materias de descentralizaci\u00f3n, autonom\u00eda y flexibilidad financiera, transparencia y probidad. La agenda incluy\u00f3 reuniones en el Ministerio del Interior, la Contralor\u00eda General de la Rep\u00fablica y la Direcci\u00f3n de Presupuestos (Dipres).&nbsp; La delegaci\u00f3n estuvo&#8230;<\/p>\n","protected":false},"author":1,"featured_media":1775,"comment_status":"open","ping_status":"open","sticky":false,"template":"","format":"standard","meta":{"_acf_changed":false,"_uag_custom_page_level_css":"","_kadence_starter_templates_imported_post":false,"_kad_post_transparent":"","_kad_post_title":"","_kad_post_layout":"","_kad_post_sidebar_id":"","_kad_post_content_style":"","_kad_post_vertical_padding":"","_kad_post_feature":"","_kad_post_feature_position":"","_kad_post_header":false,"_kad_post_footer":false,"footnotes":""},"categories":[1,8],"tags":[],"class_list":["post-1774","post","type-post","status-publish","format-standard","has-post-thumbnail","hentry","category-noticias","category-sala-prensa"],"acf":[],"uagb_featured_image_src":{"full":["https:\/\/agorechi.cl\/wp-content\/uploads\/2026\/04\/DSC07914-scaled.jpg",2560,1707,false],"thumbnail":["https:\/\/agorechi.cl\/wp-content\/uploads\/2026\/04\/DSC07914-150x150.jpg",150,150,true],"medium":["https:\/\/agorechi.cl\/wp-content\/uploads\/2026\/04\/DSC07914-300x200.jpg",300,200,true],"medium_large":["https:\/\/agorechi.cl\/wp-content\/uploads\/2026\/04\/DSC07914-768x512.jpg",768,512,true],"large":["https:\/\/agorechi.cl\/wp-content\/uploads\/2026\/04\/DSC07914-1024x683.jpg",1024,683,true],"1536x1536":["https:\/\/agorechi.cl\/wp-content\/uploads\/2026\/04\/DSC07914-1536x1024.jpg",1536,1024,true],"2048x2048":["https:\/\/agorechi.cl\/wp-content\/uploads\/2026\/04\/DSC07914-2048x1365.jpg",2048,1365,true]},"uagb_author_info":{"display_name":"admin","author_link":"https:\/\/agorechi.cl\/index.php\/author\/admin\/"},"uagb_comment_info":0,"uagb_excerpt":"El directorio 2026 de la Asociaci\u00f3n de Gobernadores Regionales de Chile sostuvo una serie de reuniones en Santiago para avanzar en materias de descentralizaci\u00f3n, autonom\u00eda y flexibilidad financiera, transparencia y probidad. La agenda incluy\u00f3 reuniones en el Ministerio del Interior, la Contralor\u00eda General de la Rep\u00fablica y la Direcci\u00f3n de Presupuestos (Dipres).&nbsp; La delegaci\u00f3n estuvo...","_links":{"self":[{"href":"https:\/\/agorechi.cl\/index.php\/wp-json\/wp\/v2\/posts\/1774","targetHints":{"allow":["GET"]}}],"collection":[{"href":"https:\/\/agorechi.cl\/index.php\/wp-json\/wp\/v2\/posts"}],"about":[{"href":"https:\/\/agorechi.cl\/index.php\/wp-json\/wp\/v2\/types\/post"}],"author":[{"embeddable":true,"href":"https:\/\/agorechi.cl\/index.php\/wp-json\/wp\/v2\/users\/1"}],"replies":[{"embeddable":true,"href":"https:\/\/agorechi.cl\/index.php\/wp-json\/wp\/v2\/comments?post=1774"}],"version-history":[{"count":1,"href":"https:\/\/agorechi.cl\/index.php\/wp-json\/wp\/v2\/posts\/1774\/revisions"}],"predecessor-version":[{"id":1778,"href":"https:\/\/agorechi.cl\/index.php\/wp-json\/wp\/v2\/posts\/1774\/revisions\/1778"}],"wp:featuredmedia":[{"embeddable":true,"href":"https:\/\/agorechi.cl\/index.php\/wp-json\/wp\/v2\/media\/1775"}],"wp:attachment":[{"href":"https:\/\/agorechi.cl\/index.php\/wp-json\/wp\/v2\/media?parent=1774"}],"wp:term":[{"taxonomy":"category","embeddable":true,"href":"https:\/\/agorechi.cl\/index.php\/wp-json\/wp\/v2\/categories?post=1774"},{"taxonomy":"post_tag","embeddable":true,"href":"https:\/\/agorechi.cl\/index.php\/wp-json\/wp\/v2\/tags?post=1774"}],"curies":[{"name":"wp","href":"https:\/\/api.w.org\/{rel}","templated":true}]}}