{"id":1677,"date":"2026-03-10T19:53:23","date_gmt":"2026-03-10T19:53:23","guid":{"rendered":"https:\/\/agorechi.cl\/?p=1677"},"modified":"2026-03-12T19:56:22","modified_gmt":"2026-03-12T19:56:22","slug":"gobernador-alejandro-santana-lidera-primera-reunion-de-directorio-2026-de-agorechi","status":"publish","type":"post","link":"https:\/\/agorechi.cl\/index.php\/2026\/03\/10\/gobernador-alejandro-santana-lidera-primera-reunion-de-directorio-2026-de-agorechi\/","title":{"rendered":"Gobernador Alejandro Santana lidera primera reuni\u00f3n de directorio 2026 de AGORECHI"},"content":{"rendered":"\n<ul class=\"wp-block-list\">\n<li><strong>La instancia, liderada por el Gobernador Regional de Los Lagos, Alejandro Santana, permiti\u00f3 establecer una hoja de ruta para la asociaci\u00f3n. Adem\u00e1s, permiti\u00f3 estrechar lazos con representantes del mundo municipal y abordar temas de inter\u00e9s com\u00fan, como es el caso de seguridad, gesti\u00f3n de riesgo de desastres, inversi\u00f3n, educaci\u00f3n y descentralizaci\u00f3n.<\/strong><\/li>\n<\/ul>\n\n\n\n<p>Este martes (10), en dependencias de la Asociaci\u00f3n de Gobernadores Regionales de Chile, AGORECHI, ubicadas en el centro de Santiago, se llev\u00f3 a cabo la primera reuni\u00f3n del directorio 2026 de la organizaci\u00f3n. La instancia fue presidida por el presidente y Gobernador Regional de Los Lagos, Alejandro Santana.&nbsp;<\/p>\n\n\n\n<p>En la instancia, participaron presencialmente tambi\u00e9n Rodrigo Mundaca, Gobernador Regional de Valpara\u00edso y Vicepresidente de Agorechi; y Sergio Giacaman, Gobernador Regional de Biob\u00edo y director de la asociaci\u00f3n. De forma telem\u00e1tica se dieron cita el tesorero y Gobernador Regional de Antofagasta, Ricardo D\u00edaz; el secretario y Gobernador Regional de Coquimbo, Crist\u00f3bal Juli\u00e1; y los directores Luis Cuvertino y Jorge Flies, Gobernador Regional de Los R\u00edos y de Magallanes y la Ant\u00e1rtica Chilena, respectivamente.&nbsp;<\/p>\n\n\n\n<p>En la jornada se abordaron aspectos estrat\u00e9gicos de la organizaci\u00f3n para el presente a\u00f1o y tambi\u00e9n se sostuvieron una serie de reuniones con gremios de instituciones af\u00edn. Espec\u00edficamente, con la Federaci\u00f3n Nacional de Asociaciones de Funcionarios de los Gobiernos Regionales (Fenafgore), la Asociaci\u00f3n Chilena de Municipalidades (AChM) y la Asociaci\u00f3n de Municipalidades de Chile (AMUCh).&nbsp;<\/p>\n\n\n\n<p>Tras la cita, el gobernador Santana se\u00f1al\u00f3 que \u201cestamos absolutamente convencidos que tenemos que funcionar como cuerpos colegiados con un objetivo que nos convoca: que es&nbsp; la descentralizaci\u00f3n y la autonom\u00eda, y sobre esa base valoramos el reconocimiento que hacen los municipios a los gobiernos regionales y que tambi\u00e9n tienen una preocupaci\u00f3n que&nbsp; es leg\u00edtima, que es el riesgo inminente que podamos ser afectados, como fuimos afectados por el actual Gobierno, en reducciones presupuestarias sin tener responsabilidad en la estimaci\u00f3n de ingreso o en los gastos que se proyectan\u201d.&nbsp;<\/p>\n\n\n\n<p>El presidente del directorio 2026 tambi\u00e9n revel\u00f3 que la jornada de trabajo les permiti\u00f3 establecer lineamientos de manera inmediata y de cara a la instalaci\u00f3n del gobierno del Presidente Jos\u00e9 Antonio Kast.&nbsp;<\/p>\n\n\n\n<p>\u201cSobre esa base hemos construido un plan de trabajo en el cual haremos ver a las futuras autoridades de que es relevante que lo que se aprueba en la Ley de Presupuesto no sea modificada de manera centralista o arbitraria por el Ministerio de Hacienda. Nosotros creemos que los gobiernos nacionales tienen que hacer los ajustes en los servicios que est\u00e1n centralizados en los ministerios, pero no as\u00ed en instituciones aut\u00f3nomas que tienen sus propias pol\u00edticas de inversi\u00f3n y programas de desarrollo como son los gobiernos regionales\u201d, detall\u00f3 la autoridad de Los Lagos.<\/p>\n\n\n\n<p>En tanto, el Vicepresidente de la asociaci\u00f3n y Gobernador Regional de Valpara\u00edso, Rodrigo Mundaca, destac\u00f3 la oportunidad que tuvieron de reunirse con asociaciones de municipios para abordar temas de inter\u00e9s com\u00fan.&nbsp;<\/p>\n\n\n\n<p>En esta l\u00ednea, la autoridad de la regi\u00f3n de Valpara\u00edso enfatiz\u00f3 en la importancia de saber \u201cc\u00f3mo somos capaces en conjunto de profundizar la descentralizaci\u00f3n, porque la descentralizaci\u00f3n le hace bien a Chile. Tenemos el compromiso de trabajar juntos por el bienestar de todas y todos quienes habitan en los territorios de nuestras regiones\u201d.&nbsp;<\/p>\n\n\n\n<figure class=\"wp-block-image size-large\"><img fetchpriority=\"high\" decoding=\"async\" width=\"1024\" height=\"1016\" src=\"https:\/\/agorechi.cl\/wp-content\/uploads\/2026\/03\/1000017740-1024x1016.jpg\" alt=\"\" class=\"wp-image-1680\" srcset=\"https:\/\/agorechi.cl\/wp-content\/uploads\/2026\/03\/1000017740-1024x1016.jpg 1024w, https:\/\/agorechi.cl\/wp-content\/uploads\/2026\/03\/1000017740-300x298.jpg 300w, https:\/\/agorechi.cl\/wp-content\/uploads\/2026\/03\/1000017740-150x150.jpg 150w, https:\/\/agorechi.cl\/wp-content\/uploads\/2026\/03\/1000017740-768x762.jpg 768w, https:\/\/agorechi.cl\/wp-content\/uploads\/2026\/03\/1000017740.jpg 1088w\" sizes=\"(max-width: 1024px) 100vw, 1024px\" \/><\/figure>\n\n\n\n<figure class=\"wp-block-image size-large\"><img decoding=\"async\" width=\"1024\" height=\"1016\" src=\"https:\/\/agorechi.cl\/wp-content\/uploads\/2026\/03\/1000017761-1024x1016.jpg\" alt=\"\" class=\"wp-image-1681\" srcset=\"https:\/\/agorechi.cl\/wp-content\/uploads\/2026\/03\/1000017761-1024x1016.jpg 1024w, https:\/\/agorechi.cl\/wp-content\/uploads\/2026\/03\/1000017761-300x298.jpg 300w, https:\/\/agorechi.cl\/wp-content\/uploads\/2026\/03\/1000017761-150x150.jpg 150w, https:\/\/agorechi.cl\/wp-content\/uploads\/2026\/03\/1000017761-768x762.jpg 768w, https:\/\/agorechi.cl\/wp-content\/uploads\/2026\/03\/1000017761.jpg 1088w\" sizes=\"(max-width: 1024px) 100vw, 1024px\" \/><\/figure>\n\n\n\n<figure class=\"wp-block-image size-large\"><img decoding=\"async\" width=\"1024\" height=\"1016\" src=\"https:\/\/agorechi.cl\/wp-content\/uploads\/2026\/03\/1000017809-1024x1016.jpg\" alt=\"\" class=\"wp-image-1682\" srcset=\"https:\/\/agorechi.cl\/wp-content\/uploads\/2026\/03\/1000017809-1024x1016.jpg 1024w, https:\/\/agorechi.cl\/wp-content\/uploads\/2026\/03\/1000017809-300x298.jpg 300w, https:\/\/agorechi.cl\/wp-content\/uploads\/2026\/03\/1000017809-150x150.jpg 150w, https:\/\/agorechi.cl\/wp-content\/uploads\/2026\/03\/1000017809-768x762.jpg 768w, https:\/\/agorechi.cl\/wp-content\/uploads\/2026\/03\/1000017809.jpg 1088w\" sizes=\"(max-width: 1024px) 100vw, 1024px\" \/><\/figure>\n","protected":false},"excerpt":{"rendered":"<p>Este martes (10), en dependencias de la Asociaci\u00f3n de Gobernadores Regionales de Chile, AGORECHI, ubicadas en el centro de Santiago, se llev\u00f3 a cabo la primera reuni\u00f3n del directorio 2026 de la organizaci\u00f3n. La instancia fue presidida por el presidente y Gobernador Regional de Los Lagos, Alejandro Santana.&nbsp; En la instancia, participaron presencialmente tambi\u00e9n Rodrigo&#8230;<\/p>\n","protected":false},"author":1,"featured_media":1679,"comment_status":"open","ping_status":"open","sticky":false,"template":"","format":"standard","meta":{"_acf_changed":false,"_uag_custom_page_level_css":"","_kadence_starter_templates_imported_post":false,"_kad_post_transparent":"","_kad_post_title":"","_kad_post_layout":"","_kad_post_sidebar_id":"","_kad_post_content_style":"","_kad_post_vertical_padding":"","_kad_post_feature":"","_kad_post_feature_position":"","_kad_post_header":false,"_kad_post_footer":false,"footnotes":""},"categories":[1,8],"tags":[],"class_list":["post-1677","post","type-post","status-publish","format-standard","has-post-thumbnail","hentry","category-noticias","category-sala-prensa"],"acf":[],"uagb_featured_image_src":{"full":["https:\/\/agorechi.cl\/wp-content\/uploads\/2026\/03\/1000017731.jpg",1088,1080,false],"thumbnail":["https:\/\/agorechi.cl\/wp-content\/uploads\/2026\/03\/1000017731-150x150.jpg",150,150,true],"medium":["https:\/\/agorechi.cl\/wp-content\/uploads\/2026\/03\/1000017731-300x298.jpg",300,298,true],"medium_large":["https:\/\/agorechi.cl\/wp-content\/uploads\/2026\/03\/1000017731-768x762.jpg",768,762,true],"large":["https:\/\/agorechi.cl\/wp-content\/uploads\/2026\/03\/1000017731-1024x1016.jpg",1024,1016,true],"1536x1536":["https:\/\/agorechi.cl\/wp-content\/uploads\/2026\/03\/1000017731.jpg",1088,1080,false],"2048x2048":["https:\/\/agorechi.cl\/wp-content\/uploads\/2026\/03\/1000017731.jpg",1088,1080,false]},"uagb_author_info":{"display_name":"admin","author_link":"https:\/\/agorechi.cl\/index.php\/author\/admin\/"},"uagb_comment_info":3,"uagb_excerpt":"Este martes (10), en dependencias de la Asociaci\u00f3n de Gobernadores Regionales de Chile, AGORECHI, ubicadas en el centro de Santiago, se llev\u00f3 a cabo la primera reuni\u00f3n del directorio 2026 de la organizaci\u00f3n. La instancia fue presidida por el presidente y Gobernador Regional de Los Lagos, Alejandro Santana.&nbsp; En la instancia, participaron presencialmente tambi\u00e9n Rodrigo...","_links":{"self":[{"href":"https:\/\/agorechi.cl\/index.php\/wp-json\/wp\/v2\/posts\/1677","targetHints":{"allow":["GET"]}}],"collection":[{"href":"https:\/\/agorechi.cl\/index.php\/wp-json\/wp\/v2\/posts"}],"about":[{"href":"https:\/\/agorechi.cl\/index.php\/wp-json\/wp\/v2\/types\/post"}],"author":[{"embeddable":true,"href":"https:\/\/agorechi.cl\/index.php\/wp-json\/wp\/v2\/users\/1"}],"replies":[{"embeddable":true,"href":"https:\/\/agorechi.cl\/index.php\/wp-json\/wp\/v2\/comments?post=1677"}],"version-history":[{"count":1,"href":"https:\/\/agorechi.cl\/index.php\/wp-json\/wp\/v2\/posts\/1677\/revisions"}],"predecessor-version":[{"id":1683,"href":"https:\/\/agorechi.cl\/index.php\/wp-json\/wp\/v2\/posts\/1677\/revisions\/1683"}],"wp:featuredmedia":[{"embeddable":true,"href":"https:\/\/agorechi.cl\/index.php\/wp-json\/wp\/v2\/media\/1679"}],"wp:attachment":[{"href":"https:\/\/agorechi.cl\/index.php\/wp-json\/wp\/v2\/media?parent=1677"}],"wp:term":[{"taxonomy":"category","embeddable":true,"href":"https:\/\/agorechi.cl\/index.php\/wp-json\/wp\/v2\/categories?post=1677"},{"taxonomy":"post_tag","embeddable":true,"href":"https:\/\/agorechi.cl\/index.php\/wp-json\/wp\/v2\/tags?post=1677"}],"curies":[{"name":"wp","href":"https:\/\/api.w.org\/{rel}","templated":true}]}}