{"id":1667,"date":"2026-03-11T15:10:15","date_gmt":"2026-03-11T15:10:15","guid":{"rendered":"https:\/\/agorechi.cl\/?p=1667"},"modified":"2026-03-11T15:30:10","modified_gmt":"2026-03-11T15:30:10","slug":"presidente-de-agorechi-participa-en-seminario-sobre-municipalismo","status":"publish","type":"post","link":"https:\/\/agorechi.cl\/index.php\/2026\/03\/11\/presidente-de-agorechi-participa-en-seminario-sobre-municipalismo\/","title":{"rendered":"Presidente de Agorechi participa en seminario sobre implementaci\u00f3n de los Servicios Locales de Educaci\u00f3n"},"content":{"rendered":"\n<p><\/p>\n\n\n\n<ul class=\"wp-block-list\">\n<li>El Gobernador Regional de Los Lagos y actual presidente del directorio de la asociaci\u00f3n,\u00a0 Alejandro Santana Tirachini, particip\u00f3 en el Seminario \u201cServicios Locales de Educaci\u00f3n P\u00fablica: Una Mirada desde el Municipalismo\u201d.<\/li>\n<\/ul>\n\n\n\n<p>En el Centro Cultural Espacio Matta se realiz\u00f3 el <strong>Seminario \u201cServicios Locales de Educaci\u00f3n P\u00fablica: Una Mirada desde el Municipalismo\u201d, <\/strong>organizado por la Asociaci\u00f3n Chilena de Municipalidades (AChM), la Ilustre Municipalidad de La Granja y la Universidad San Sebasti\u00e1n. Hasta el evento lleg\u00f3 el Gobernador Regional de Los Lagos y presidente del directorio 2026 de la Asociaci\u00f3n de Gobernadores Regionales, Alejandro Santana, quien fue parte de un panel de conversaci\u00f3n.&nbsp;<\/p>\n\n\n\n<p>La autoridad regional fue parte de la Mesa Redonda Resultados Estudios PNUD-UNESCO, que tuvo una introducci\u00f3n a cargo de Magdalena Guerrero, coordinadora del proyecto MINEDUC en el Programa de las Naciones Unidas para el Desarrollo, PNUD Chile, quien se refiri\u00f3 a los principales hallazgos y conclusiones de la investigaci\u00f3n.<\/p>\n\n\n\n<p>El panel estuvo integrado por el presidente de Agorechi y gobernador de Los Lagos, Alejandro Santana; y el presidente del Colegio de Profesores, Mario Aguilar, y fue&nbsp; moderado por el alcalde de Isla de Maipo, Juan Olave.&nbsp;<\/p>\n\n\n\n<p>El primero en intervenir fue el presidente del Colegio de Profesores fue cr\u00edtico respecto a la reforma, enfatizando que la preocupaci\u00f3n del gremio fue planteada desde el inicio del proyecto de ley, agregando que: \u201cel subsidio a la demanda, en Chile y todo el mundo viene bastante de vuelta. La educaci\u00f3n&nbsp; no puede quedar supeditada a esas inestabilidades\u201d.&nbsp;<\/p>\n\n\n\n<p>Al comienzo de su intervenci\u00f3n, el gobernador Santana se tom\u00f3 unos minutos para contarle a los asistentes que el a\u00f1o 2017, cuando era parlamentario, le toc\u00f3 votar esta ley y que ya en ese tiempo hab\u00eda expresado su preocupaci\u00f3n, porque los antecedentes que manejaban evidenciaba la p\u00e9rdida de participaci\u00f3n de la educaci\u00f3n p\u00fablica era exponencial y el esfuerzo privado estaba ganando un espacio importante en Chile.&nbsp;<\/p>\n\n\n\n<p>Adem\u00e1s, enfatiz\u00f3 que la ley que cre\u00f3 a los SLEP se aprob\u00f3 sin recursos y hasta el d\u00eda de hoy se mantiene de esa manera.<\/p>\n\n\n\n<p>Ya en su rol como gobernador regional, detall\u00f3 que los potenciales apalancadores de ese d\u00e9ficit de los SLEP han sido los gobiernos regionales, aunque remarc\u00f3 que la institucionalidad regional no cuenta con la espalda&nbsp; financiera para asumir el porcentaje de traspaso pendiente de esta reforma, por lo que invit\u00f3 a realizar un diagn\u00f3stico que permita no generar m\u00e1s problemas e incertidumbre a las padres , apoderados y estudiantes.&nbsp;&nbsp;<\/p>\n\n\n\n<p>\u201cA diferencia de los municipios, los gobiernos regionales son vulnerables a la decisi\u00f3n centralista\u201d, coment\u00f3 en el panel.<\/p>\n\n\n\n<p>Para finalizar, el presidente de Agorechi, plante\u00f3 una interrogante: \u201c\u00bfC\u00f3mo queremos contribuir desde los gobiernos regionales? (&#8230;) La centralizaci\u00f3n nos afecta, resumiendo, yo creo que como varias leyes tiene una buena intencionalidad, pero tuvo una mala evaluaci\u00f3n en t\u00e9rminos de c\u00f3mo implementarlo y los plazos para implementarlo. Aqu\u00ed hay que generar, del 49% que a\u00fan queda por traspasar, una priorizaci\u00f3n de acuerdo a la disposici\u00f3n presupuestaria , de acuerdo a la factibilidad de los gobiernos regionales de seguir contribuyendo\u201d.&nbsp;<\/p>\n\n\n\n<p><strong>Principales resultados&nbsp;&nbsp;<\/strong><\/p>\n\n\n\n<p>El prop\u00f3sito y car\u00e1cter de la evaluaci\u00f3n fue establecido en la Ley de Presupuesto 2025 y fue coordinado por el PNUD y la UNESCO. Se trat\u00f3 de una revisi\u00f3n externa comparada del proceso de implementaci\u00f3n de la Nueva Educaci\u00f3n P\u00fablica (NEP) y que permit\u00eda levantar evidencia t\u00e9cnica para complementar evaluaciones nacionales previas y aportar en la toma de decisiones y la construcci\u00f3n de las pol\u00edticas p\u00fablicas.&nbsp;<\/p>\n\n\n\n<p>Se establecieron cuatro dimensiones de an\u00e1lisis: institucional, financiero, unidades t\u00e9cnicas y&nbsp; . El hallazgo m\u00e1s significativo fue la creaci\u00f3n de una arquitectura estatal especializada para conducir la educaci\u00f3n p\u00fablica. Durante d\u00e9cadas el sistema funcion\u00f3 bajo una l\u00f3gica municipal altamente fragmentada, la creaci\u00f3n de la Direcci\u00f3n de Educaci\u00f3n P\u00fablica y de los servicios locales introduce, por primera vez, una institucionalidad cuyo mandato exclusivo es gestionar y desarrollar la educaci\u00f3n p\u00fablica, dise\u00f1o que se ha visto reforzado por mecanismos de profesionalizaci\u00f3n, como el uso de la Alta Direcci\u00f3n P\u00fablica para seleccionar directivos y la incorporaci\u00f3n de espacios de rendici\u00f3n de cuentas.<\/p>\n\n\n\n<p>\u201cLas reformas no se consolidan por acumulaci\u00f3n de iniciativas sino por integraci\u00f3n entre gobernanza, financiamiento y pr\u00e1ctica pedag\u00f3gica. La evaluaci\u00f3n muestra que la reforma ha logrado algo muy relevante construir una arquitectura estatal especializada y fortalecer un nivel intermedio profesionalizado, sin embargo, el desaf\u00edo ya no es de instalaci\u00f3n sino de coherencia sist\u00e9mica. Resolver superposiciones, ajustar el dise\u00f1o jur\u00eddico, fortalecer capacidades diferenciadas, integrar informaci\u00f3n, anticipar el escenario demogr\u00e1fico y enfrentar las brechas de inequidad estructural, son condiciones necesarias para que esta arquitectura produzca plenamente sus efectos pedag\u00f3gicos\u201d, explic\u00f3 Magdalena Guerrero.<\/p>\n\n\n\n<p><strong>Sobre el evento<\/strong><\/p>\n\n\n\n<p>Este seminario se llev\u00f3 a cabo durante dos jornadas en el Centro Cultural Espacio Matta de La Granja y reuni\u00f3 a autoridades, alcaldes, acad\u00e9micos y actores del mundo educacional para reflexionar sobre los avances, desaf\u00edos y proyecciones del Sistema de Educaci\u00f3n P\u00fablica desde la perspectiva de los territorios.<\/p>\n\n\n\n<figure class=\"wp-block-image size-large\"><img fetchpriority=\"high\" decoding=\"async\" width=\"1024\" height=\"1016\" src=\"https:\/\/agorechi.cl\/wp-content\/uploads\/2026\/03\/1000017691-1024x1016.jpg\" alt=\"\" class=\"wp-image-1669\" srcset=\"https:\/\/agorechi.cl\/wp-content\/uploads\/2026\/03\/1000017691-1024x1016.jpg 1024w, https:\/\/agorechi.cl\/wp-content\/uploads\/2026\/03\/1000017691-300x298.jpg 300w, https:\/\/agorechi.cl\/wp-content\/uploads\/2026\/03\/1000017691-150x150.jpg 150w, https:\/\/agorechi.cl\/wp-content\/uploads\/2026\/03\/1000017691-768x762.jpg 768w, https:\/\/agorechi.cl\/wp-content\/uploads\/2026\/03\/1000017691.jpg 1088w\" sizes=\"(max-width: 1024px) 100vw, 1024px\" \/><\/figure>\n\n\n\n<figure class=\"wp-block-image size-large\"><img decoding=\"async\" width=\"1024\" height=\"1016\" src=\"https:\/\/agorechi.cl\/wp-content\/uploads\/2026\/03\/1000017711-1024x1016.jpg\" alt=\"\" class=\"wp-image-1670\" srcset=\"https:\/\/agorechi.cl\/wp-content\/uploads\/2026\/03\/1000017711-1024x1016.jpg 1024w, https:\/\/agorechi.cl\/wp-content\/uploads\/2026\/03\/1000017711-300x298.jpg 300w, https:\/\/agorechi.cl\/wp-content\/uploads\/2026\/03\/1000017711-150x150.jpg 150w, https:\/\/agorechi.cl\/wp-content\/uploads\/2026\/03\/1000017711-768x762.jpg 768w, https:\/\/agorechi.cl\/wp-content\/uploads\/2026\/03\/1000017711.jpg 1088w\" sizes=\"(max-width: 1024px) 100vw, 1024px\" \/><\/figure>\n","protected":false},"excerpt":{"rendered":"<p>En el Centro Cultural Espacio Matta se realiz\u00f3 el Seminario \u201cServicios Locales de Educaci\u00f3n P\u00fablica: Una Mirada desde el Municipalismo\u201d, organizado por la Asociaci\u00f3n Chilena de Municipalidades (AChM), la Ilustre Municipalidad de La Granja y la Universidad San Sebasti\u00e1n. Hasta el evento lleg\u00f3 el Gobernador Regional de Los Lagos y presidente del directorio 2026 de&#8230;<\/p>\n","protected":false},"author":1,"featured_media":1668,"comment_status":"open","ping_status":"open","sticky":false,"template":"","format":"standard","meta":{"_acf_changed":false,"_uag_custom_page_level_css":"","_kadence_starter_templates_imported_post":false,"_kad_post_transparent":"","_kad_post_title":"","_kad_post_layout":"","_kad_post_sidebar_id":"","_kad_post_content_style":"","_kad_post_vertical_padding":"","_kad_post_feature":"","_kad_post_feature_position":"","_kad_post_header":false,"_kad_post_footer":false,"footnotes":""},"categories":[1,8],"tags":[],"class_list":["post-1667","post","type-post","status-publish","format-standard","has-post-thumbnail","hentry","category-noticias","category-sala-prensa"],"acf":[],"uagb_featured_image_src":{"full":["https:\/\/agorechi.cl\/wp-content\/uploads\/2026\/03\/1000017689.jpg",1088,1080,false],"thumbnail":["https:\/\/agorechi.cl\/wp-content\/uploads\/2026\/03\/1000017689-150x150.jpg",150,150,true],"medium":["https:\/\/agorechi.cl\/wp-content\/uploads\/2026\/03\/1000017689-300x298.jpg",300,298,true],"medium_large":["https:\/\/agorechi.cl\/wp-content\/uploads\/2026\/03\/1000017689-768x762.jpg",768,762,true],"large":["https:\/\/agorechi.cl\/wp-content\/uploads\/2026\/03\/1000017689-1024x1016.jpg",1024,1016,true],"1536x1536":["https:\/\/agorechi.cl\/wp-content\/uploads\/2026\/03\/1000017689.jpg",1088,1080,false],"2048x2048":["https:\/\/agorechi.cl\/wp-content\/uploads\/2026\/03\/1000017689.jpg",1088,1080,false]},"uagb_author_info":{"display_name":"admin","author_link":"https:\/\/agorechi.cl\/index.php\/author\/admin\/"},"uagb_comment_info":3,"uagb_excerpt":"En el Centro Cultural Espacio Matta se realiz\u00f3 el Seminario \u201cServicios Locales de Educaci\u00f3n P\u00fablica: Una Mirada desde el Municipalismo\u201d, organizado por la Asociaci\u00f3n Chilena de Municipalidades (AChM), la Ilustre Municipalidad de La Granja y la Universidad San Sebasti\u00e1n. Hasta el evento lleg\u00f3 el Gobernador Regional de Los Lagos y presidente del directorio 2026 de...","_links":{"self":[{"href":"https:\/\/agorechi.cl\/index.php\/wp-json\/wp\/v2\/posts\/1667","targetHints":{"allow":["GET"]}}],"collection":[{"href":"https:\/\/agorechi.cl\/index.php\/wp-json\/wp\/v2\/posts"}],"about":[{"href":"https:\/\/agorechi.cl\/index.php\/wp-json\/wp\/v2\/types\/post"}],"author":[{"embeddable":true,"href":"https:\/\/agorechi.cl\/index.php\/wp-json\/wp\/v2\/users\/1"}],"replies":[{"embeddable":true,"href":"https:\/\/agorechi.cl\/index.php\/wp-json\/wp\/v2\/comments?post=1667"}],"version-history":[{"count":3,"href":"https:\/\/agorechi.cl\/index.php\/wp-json\/wp\/v2\/posts\/1667\/revisions"}],"predecessor-version":[{"id":1674,"href":"https:\/\/agorechi.cl\/index.php\/wp-json\/wp\/v2\/posts\/1667\/revisions\/1674"}],"wp:featuredmedia":[{"embeddable":true,"href":"https:\/\/agorechi.cl\/index.php\/wp-json\/wp\/v2\/media\/1668"}],"wp:attachment":[{"href":"https:\/\/agorechi.cl\/index.php\/wp-json\/wp\/v2\/media?parent=1667"}],"wp:term":[{"taxonomy":"category","embeddable":true,"href":"https:\/\/agorechi.cl\/index.php\/wp-json\/wp\/v2\/categories?post=1667"},{"taxonomy":"post_tag","embeddable":true,"href":"https:\/\/agorechi.cl\/index.php\/wp-json\/wp\/v2\/tags?post=1667"}],"curies":[{"name":"wp","href":"https:\/\/api.w.org\/{rel}","templated":true}]}}