{"id":1529,"date":"2025-08-22T18:59:58","date_gmt":"2025-08-22T18:59:58","guid":{"rendered":"https:\/\/agorechi.cl\/?p=1529"},"modified":"2025-08-27T19:03:53","modified_gmt":"2025-08-27T19:03:53","slug":"directiva-de-agorechi-participa-en-cuarto-congreso-de-descentralizacion-organizado-por-subdere","status":"publish","type":"post","link":"https:\/\/agorechi.cl\/index.php\/2025\/08\/22\/directiva-de-agorechi-participa-en-cuarto-congreso-de-descentralizacion-organizado-por-subdere\/","title":{"rendered":"Directiva de AGORECHI participa en cuarto Congreso de Descentralizaci\u00f3n organizado por Subdere"},"content":{"rendered":"\n<figure class=\"wp-block-gallery has-nested-images columns-default is-cropped wp-block-gallery-1 is-layout-flex wp-block-gallery-is-layout-flex\">\n<figure class=\"wp-block-image size-large\"><img fetchpriority=\"high\" decoding=\"async\" width=\"1024\" height=\"683\" data-id=\"1532\" src=\"https:\/\/agorechi.cl\/wp-content\/uploads\/2025\/08\/54732899232_49eee7225c_k-1024x683.jpg\" alt=\"\" class=\"wp-image-1532\" srcset=\"https:\/\/agorechi.cl\/wp-content\/uploads\/2025\/08\/54732899232_49eee7225c_k-1024x683.jpg 1024w, https:\/\/agorechi.cl\/wp-content\/uploads\/2025\/08\/54732899232_49eee7225c_k-300x200.jpg 300w, https:\/\/agorechi.cl\/wp-content\/uploads\/2025\/08\/54732899232_49eee7225c_k-768x512.jpg 768w, https:\/\/agorechi.cl\/wp-content\/uploads\/2025\/08\/54732899232_49eee7225c_k-1536x1025.jpg 1536w, https:\/\/agorechi.cl\/wp-content\/uploads\/2025\/08\/54732899232_49eee7225c_k.jpg 2048w\" sizes=\"(max-width: 1024px) 100vw, 1024px\" \/><\/figure>\n<\/figure>\n\n\n\n<p><\/p>\n\n\n\n<ul class=\"wp-block-list\">\n<li>El presidente y vicepresidente de la Asociaci\u00f3n de Gobernadores Regionales estuvieron presentes en el encuentro convocado por la Subdere.\u00a0<\/li>\n<\/ul>\n\n\n\n<p>Durante dos jornadas (20 y 21 de agosto) y en la ciudad de La Serena, se llev\u00f3 a cabo el cuarto Congreso de Descentralizaci\u00f3n 2025: \u00bbNuevas rutas para el desarrollo territorial\u2019\u2019, organizado por la&nbsp; Subsecretar\u00eda de Desarrollo Regional y Administrativo (Subdere).&nbsp;<\/p>\n\n\n\n<p>La instancia fue presidida por la subsecretaria de Desarrollo Regional y Administrativo (Subdere), Francisca Perales, el gobernador regional de Coquimbo, Crist\u00f3bal Juli\u00e1, el gobernador de O\u2019Higgins y presidente de la Asociaci\u00f3n de Gobernadores Regionales de Chile, Pablo Silva, entre otras autoridades.<\/p>\n\n\n\n<p>\u201cLa descentralizaci\u00f3n no es un fin en s\u00ed mismo, sino que es un veh\u00edculo para establecer condiciones de vida de los ciudadanos y ciudadanas y, por tanto, que el Estado lo entienda como una tarea que le corresponde a todos y todas, que podamos seguir avanzando en esta agenda, nos parece fundamental. Entendemos que la Regi\u00f3n de Coquimbo ha estado trabajando en una agenda de estas caracter\u00edsticas, y que permite tambi\u00e9n contar con iniciativas locales, poder extrapolarlas a otros lugares y nutrir el debate desde una perspectiva que permita seguir avanzando en autonom\u00eda para las instituciones locales en descentralizaci\u00f3n fiscal\u201d, destac\u00f3 la subsecretaria Francisca Perales.<\/p>\n\n\n\n<p>Para Pablo Silva, gobernador regional de O\u2019Higgins y presidente de AGORECHI, dijo que \u201cla descentralizaci\u00f3n le hace bien al pa\u00eds, nosotros sabemos d\u00f3nde se pueden invertir los recursos que se hace en los territorios y lo que pasa en cada una de las comunas de las regiones\u201d.<\/p>\n\n\n\n<p>Por su parte, el vicepresidente de AGORECHI y gobernador regional de Coquimbo, Crist\u00f3bal Juli\u00e1, se\u00f1al\u00f3 que \u201cen este congreso se est\u00e1 tocando un tema que es sumamente importante para los gobiernos regionales que es la descentralizaci\u00f3n. Estamos trabajando como AGORECHI en el Congreso y con el gobierno central para precisamente lograr una descentralizaci\u00f3n efectiva, pero tambi\u00e9n una autonom\u00eda financiera con el proyecto de ley Regiones M\u00e1s Fuertes\u201d.&nbsp;<\/p>\n\n\n\n<p>El presidente de AGORECHI, adem\u00e1s, fue parte del panel: \u2018\u2019Perspectivas internacionales sobre la Pol\u00edtica de Descentralizaci\u00f3n en Chile\u2019\u2019, moderado por la subsecretaria Francisca Perales, donde comparti\u00f3 con Fernando M\u00e1rquez, delegado del Gobierno Vasco en Chile; Roxana M\u00e9ndez, directora de la Autoridad Nacional de Descentralizaci\u00f3n de Panam\u00e1; y la alcaldesa de R\u00edo Hurtado, Carm\u00e9n Olivares.<\/p>\n\n\n\n<figure class=\"wp-block-image size-large\"><img decoding=\"async\" width=\"1024\" height=\"683\" src=\"https:\/\/agorechi.cl\/wp-content\/uploads\/2025\/08\/54733963799_c2e4e8793a_k-1-1024x683.jpg\" alt=\"\" class=\"wp-image-1531\" srcset=\"https:\/\/agorechi.cl\/wp-content\/uploads\/2025\/08\/54733963799_c2e4e8793a_k-1-1024x683.jpg 1024w, https:\/\/agorechi.cl\/wp-content\/uploads\/2025\/08\/54733963799_c2e4e8793a_k-1-300x200.jpg 300w, https:\/\/agorechi.cl\/wp-content\/uploads\/2025\/08\/54733963799_c2e4e8793a_k-1-768x512.jpg 768w, https:\/\/agorechi.cl\/wp-content\/uploads\/2025\/08\/54733963799_c2e4e8793a_k-1-1536x1025.jpg 1536w, https:\/\/agorechi.cl\/wp-content\/uploads\/2025\/08\/54733963799_c2e4e8793a_k-1.jpg 2048w\" sizes=\"(max-width: 1024px) 100vw, 1024px\" \/><\/figure>\n\n\n\n<p>Fotograf\u00edas: Gentileza de Subdere<\/p>\n","protected":false},"excerpt":{"rendered":"<p>Durante dos jornadas (20 y 21 de agosto) y en la ciudad de La Serena, se llev\u00f3 a cabo el cuarto Congreso de Descentralizaci\u00f3n 2025: \u00bbNuevas rutas para el desarrollo territorial\u2019\u2019, organizado por la&nbsp; Subsecretar\u00eda de Desarrollo Regional y Administrativo (Subdere).&nbsp; La instancia fue presidida por la subsecretaria de Desarrollo Regional y Administrativo (Subdere), Francisca&#8230;<\/p>\n","protected":false},"author":1,"featured_media":1532,"comment_status":"open","ping_status":"open","sticky":false,"template":"","format":"standard","meta":{"_acf_changed":false,"_uag_custom_page_level_css":"","_kadence_starter_templates_imported_post":false,"_kad_post_transparent":"","_kad_post_title":"","_kad_post_layout":"","_kad_post_sidebar_id":"","_kad_post_content_style":"","_kad_post_vertical_padding":"","_kad_post_feature":"","_kad_post_feature_position":"","_kad_post_header":false,"_kad_post_footer":false,"footnotes":""},"categories":[1,8],"tags":[],"class_list":["post-1529","post","type-post","status-publish","format-standard","has-post-thumbnail","hentry","category-noticias","category-sala-prensa"],"acf":[],"uagb_featured_image_src":{"full":["https:\/\/agorechi.cl\/wp-content\/uploads\/2025\/08\/54732899232_49eee7225c_k.jpg",2048,1366,false],"thumbnail":["https:\/\/agorechi.cl\/wp-content\/uploads\/2025\/08\/54732899232_49eee7225c_k-150x150.jpg",150,150,true],"medium":["https:\/\/agorechi.cl\/wp-content\/uploads\/2025\/08\/54732899232_49eee7225c_k-300x200.jpg",300,200,true],"medium_large":["https:\/\/agorechi.cl\/wp-content\/uploads\/2025\/08\/54732899232_49eee7225c_k-768x512.jpg",768,512,true],"large":["https:\/\/agorechi.cl\/wp-content\/uploads\/2025\/08\/54732899232_49eee7225c_k-1024x683.jpg",1024,683,true],"1536x1536":["https:\/\/agorechi.cl\/wp-content\/uploads\/2025\/08\/54732899232_49eee7225c_k-1536x1025.jpg",1536,1025,true],"2048x2048":["https:\/\/agorechi.cl\/wp-content\/uploads\/2025\/08\/54732899232_49eee7225c_k.jpg",2048,1366,false]},"uagb_author_info":{"display_name":"admin","author_link":"https:\/\/agorechi.cl\/index.php\/author\/admin\/"},"uagb_comment_info":0,"uagb_excerpt":"Durante dos jornadas (20 y 21 de agosto) y en la ciudad de La Serena, se llev\u00f3 a cabo el cuarto Congreso de Descentralizaci\u00f3n 2025: \u00bbNuevas rutas para el desarrollo territorial\u2019\u2019, organizado por la&nbsp; Subsecretar\u00eda de Desarrollo Regional y Administrativo (Subdere).&nbsp; La instancia fue presidida por la subsecretaria de Desarrollo Regional y Administrativo (Subdere), Francisca...","_links":{"self":[{"href":"https:\/\/agorechi.cl\/index.php\/wp-json\/wp\/v2\/posts\/1529","targetHints":{"allow":["GET"]}}],"collection":[{"href":"https:\/\/agorechi.cl\/index.php\/wp-json\/wp\/v2\/posts"}],"about":[{"href":"https:\/\/agorechi.cl\/index.php\/wp-json\/wp\/v2\/types\/post"}],"author":[{"embeddable":true,"href":"https:\/\/agorechi.cl\/index.php\/wp-json\/wp\/v2\/users\/1"}],"replies":[{"embeddable":true,"href":"https:\/\/agorechi.cl\/index.php\/wp-json\/wp\/v2\/comments?post=1529"}],"version-history":[{"count":2,"href":"https:\/\/agorechi.cl\/index.php\/wp-json\/wp\/v2\/posts\/1529\/revisions"}],"predecessor-version":[{"id":1534,"href":"https:\/\/agorechi.cl\/index.php\/wp-json\/wp\/v2\/posts\/1529\/revisions\/1534"}],"wp:featuredmedia":[{"embeddable":true,"href":"https:\/\/agorechi.cl\/index.php\/wp-json\/wp\/v2\/media\/1532"}],"wp:attachment":[{"href":"https:\/\/agorechi.cl\/index.php\/wp-json\/wp\/v2\/media?parent=1529"}],"wp:term":[{"taxonomy":"category","embeddable":true,"href":"https:\/\/agorechi.cl\/index.php\/wp-json\/wp\/v2\/categories?post=1529"},{"taxonomy":"post_tag","embeddable":true,"href":"https:\/\/agorechi.cl\/index.php\/wp-json\/wp\/v2\/tags?post=1529"}],"curies":[{"name":"wp","href":"https:\/\/api.w.org\/{rel}","templated":true}]}}