{"id":1467,"date":"2025-07-14T17:47:11","date_gmt":"2025-07-14T17:47:11","guid":{"rendered":"https:\/\/agorechi.cl\/?p=1467"},"modified":"2025-07-14T17:47:13","modified_gmt":"2025-07-14T17:47:13","slug":"administradores-regionales-y-jefes-de-division-de-presupuesto-e-inversion-regional-se-reunen-en-encuentro-nacional","status":"publish","type":"post","link":"https:\/\/agorechi.cl\/index.php\/2025\/07\/14\/administradores-regionales-y-jefes-de-division-de-presupuesto-e-inversion-regional-se-reunen-en-encuentro-nacional\/","title":{"rendered":"Administradores Regionales y Jefes de Divisi\u00f3n de Presupuesto e Inversi\u00f3n Regional se re\u00fanen en encuentro nacional"},"content":{"rendered":"\n<ul class=\"wp-block-list\">\n<li><strong>Avanzar en los desaf\u00edos que enfrentan los gobiernos regionales de manera colaborativa y trabajar en la Ley de Presupuestos 2026, fueron los ejes de este encuentro nacional.\u00a0<\/strong><\/li>\n<\/ul>\n\n\n\n<p>El pasado 10 y 11 de julio, en el Hotel Plaza San Francisco (Santiago), se llev\u00f3 a cabo el <strong>2\u00b0 Encuentro Nacional de Administradores Regionales y Jefes de Divisi\u00f3n de Presupuesto e Inversi\u00f3n Regional <\/strong>(DIPIR), organizado por la Asociaci\u00f3n de Gobernadores Regionales de Chile, AGORECHI.&nbsp;<\/p>\n\n\n\n<p>La instancia tuvo por objetivo iniciar un trabajo mancomunado de cara a la pr\u00f3xima ley de presupuesto de la naci\u00f3n, por lo que tambi\u00e9n se invit\u00f3 a actores relevantes implicados en el proceso, tales como la Asociaci\u00f3n Nacional de Consejeros Regionales (ANCORE) y la Asociaci\u00f3n de Municipalidades de Chile (AMUCh).&nbsp;<\/p>\n\n\n\n<p>El encuentro fue presidido por la directiva 2025 de la asociaci\u00f3n, entre ellos su presidente, el gobernador regional de O\u2019Higgins, Pablo Silva Amaya; su vicepresidente y gobernador regional de Coquimbo, Crist\u00f3bal Juli\u00e1; y el director y gobernador regional de Magallanes y la Ant\u00e1rtica Chilena, Jorge Flies.&nbsp;<\/p>\n\n\n\n<p>Al cierre del evento, el gobernador regional de Coquimbo, Crist\u00f3bal Juli\u00e1, evalu\u00f3 positivamente el encuentro, destacando que \u201ctodo el consolidado de estos dos d\u00edas de trabajo permitir\u00e1 una discusi\u00f3n muy fluida, concreta y eficiente de la ley de presupuesto del 2026\u201d.&nbsp;<\/p>\n\n\n\n<p>Adem\u00e1s, la autoridad regional resalt\u00f3 el esp\u00edritu de unidad durante este encuentro, lo que espera se traduzca en un excelente resultado cuando se discuta la partida de gobiernos regionales en el parlamento .&nbsp;<\/p>\n\n\n\n<p>\u201cEstamos muy contentos como Agorechi, porque hay una coordinaci\u00f3n bastante fluida entre todos los gobiernos regionales. Estamos apuntando hacia el mismo lado y hay mucha unidad de parte de todos, creemos que todo este trabajo que se ha hecho, en conjunto con Dipres, permitir\u00e1 ser m\u00e1s eficientes con los recursos p\u00fablicos en nuestras regiones\u201d, enfatiz\u00f3.&nbsp;<\/p>\n\n\n\n<p><strong>Voces autorizadas&nbsp;<\/strong><\/p>\n\n\n\n<p>En el encuentro se dieron cita representantes de 15 regiones del pa\u00eds, quienes abordaron diferentes aspectos propios de su quehacer, analizando los desaf\u00edos y proponiendo soluciones que puedan contribuir a mejorar procesos.&nbsp;<\/p>\n\n\n\n<p>Entre los participantes estuvo Rosa Mar\u00eda Alfaro, administradora regional del gore de Tarapac\u00e1, quien se\u00f1al\u00f3: \u201cHoy estamos concluyendo una jornada de trabajo de dos d\u00edas, en donde hemos estado trabajando en conjunto con otros administradores regionales de las diferentes regiones de nuestro pa\u00eds en las glosas que vamos a proponer para el periodo 2026 en la ley de presupuesto. Esto nos sirve, porque nos permite coordinarnos, nos permite poner en la mesa cu\u00e1les son las problem\u00e1ticas de las regiones y a trav\u00e9s de este trabajo poder encontrar soluciones en conjunto a las instituciones como Dipres y Contralor\u00eda\u201d.&nbsp;<\/p>\n\n\n\n<p>Por su parte, Claudia Cabrera, Administradora Regional del gobierno regional de \u00d1uble, precis\u00f3 que acogen esta instancia y est\u00e1n muy contentos de participar, pues aporta para avanzar en la descentralizaci\u00f3n.&nbsp;<\/p>\n\n\n\n<p>\u201cEsta jornada es una muy buena instancia para nosotros como gobierno regional, en el sentido, que podemos tener acceso a consensuar con los colegas las inquietudes que tenemos respecto al presupuesto del a\u00f1o 2026 y conocer c\u00f3mo est\u00e1n trabajando los otros gobiernos regionales, resolver dudas y tambi\u00e9n ir apoy\u00e1ndonos en la resoluci\u00f3n de las dificultades que vamos enfrentando d\u00eda a d\u00eda\u201d, coment\u00f3 Cabrera.&nbsp;<\/p>\n\n\n\n<p><\/p>\n","protected":false},"excerpt":{"rendered":"<p>El pasado 10 y 11 de julio, en el Hotel Plaza San Francisco (Santiago), se llev\u00f3 a cabo el 2\u00b0 Encuentro Nacional de Administradores Regionales y Jefes de Divisi\u00f3n de Presupuesto e Inversi\u00f3n Regional (DIPIR), organizado por la Asociaci\u00f3n de Gobernadores Regionales de Chile, AGORECHI.&nbsp; La instancia tuvo por objetivo iniciar un trabajo mancomunado de&#8230;<\/p>\n","protected":false},"author":1,"featured_media":1468,"comment_status":"open","ping_status":"open","sticky":false,"template":"","format":"standard","meta":{"_acf_changed":false,"_uag_custom_page_level_css":"","_kadence_starter_templates_imported_post":false,"_kad_post_transparent":"","_kad_post_title":"","_kad_post_layout":"","_kad_post_sidebar_id":"","_kad_post_content_style":"","_kad_post_vertical_padding":"","_kad_post_feature":"","_kad_post_feature_position":"","_kad_post_header":false,"_kad_post_footer":false,"footnotes":""},"categories":[1,8],"tags":[],"class_list":["post-1467","post","type-post","status-publish","format-standard","has-post-thumbnail","hentry","category-noticias","category-sala-prensa"],"acf":[],"uagb_featured_image_src":{"full":["https:\/\/agorechi.cl\/wp-content\/uploads\/2025\/07\/IMG-20250710-WA0047-min-scaled.jpg",2560,1707,false],"thumbnail":["https:\/\/agorechi.cl\/wp-content\/uploads\/2025\/07\/IMG-20250710-WA0047-min-150x150.jpg",150,150,true],"medium":["https:\/\/agorechi.cl\/wp-content\/uploads\/2025\/07\/IMG-20250710-WA0047-min-300x200.jpg",300,200,true],"medium_large":["https:\/\/agorechi.cl\/wp-content\/uploads\/2025\/07\/IMG-20250710-WA0047-min-768x512.jpg",768,512,true],"large":["https:\/\/agorechi.cl\/wp-content\/uploads\/2025\/07\/IMG-20250710-WA0047-min-1024x683.jpg",1024,683,true],"1536x1536":["https:\/\/agorechi.cl\/wp-content\/uploads\/2025\/07\/IMG-20250710-WA0047-min-1536x1024.jpg",1536,1024,true],"2048x2048":["https:\/\/agorechi.cl\/wp-content\/uploads\/2025\/07\/IMG-20250710-WA0047-min-2048x1366.jpg",2048,1366,true]},"uagb_author_info":{"display_name":"admin","author_link":"https:\/\/agorechi.cl\/index.php\/author\/admin\/"},"uagb_comment_info":0,"uagb_excerpt":"El pasado 10 y 11 de julio, en el Hotel Plaza San Francisco (Santiago), se llev\u00f3 a cabo el 2\u00b0 Encuentro Nacional de Administradores Regionales y Jefes de Divisi\u00f3n de Presupuesto e Inversi\u00f3n Regional (DIPIR), organizado por la Asociaci\u00f3n de Gobernadores Regionales de Chile, AGORECHI.&nbsp; La instancia tuvo por objetivo iniciar un trabajo mancomunado de...","_links":{"self":[{"href":"https:\/\/agorechi.cl\/index.php\/wp-json\/wp\/v2\/posts\/1467","targetHints":{"allow":["GET"]}}],"collection":[{"href":"https:\/\/agorechi.cl\/index.php\/wp-json\/wp\/v2\/posts"}],"about":[{"href":"https:\/\/agorechi.cl\/index.php\/wp-json\/wp\/v2\/types\/post"}],"author":[{"embeddable":true,"href":"https:\/\/agorechi.cl\/index.php\/wp-json\/wp\/v2\/users\/1"}],"replies":[{"embeddable":true,"href":"https:\/\/agorechi.cl\/index.php\/wp-json\/wp\/v2\/comments?post=1467"}],"version-history":[{"count":1,"href":"https:\/\/agorechi.cl\/index.php\/wp-json\/wp\/v2\/posts\/1467\/revisions"}],"predecessor-version":[{"id":1469,"href":"https:\/\/agorechi.cl\/index.php\/wp-json\/wp\/v2\/posts\/1467\/revisions\/1469"}],"wp:featuredmedia":[{"embeddable":true,"href":"https:\/\/agorechi.cl\/index.php\/wp-json\/wp\/v2\/media\/1468"}],"wp:attachment":[{"href":"https:\/\/agorechi.cl\/index.php\/wp-json\/wp\/v2\/media?parent=1467"}],"wp:term":[{"taxonomy":"category","embeddable":true,"href":"https:\/\/agorechi.cl\/index.php\/wp-json\/wp\/v2\/categories?post=1467"},{"taxonomy":"post_tag","embeddable":true,"href":"https:\/\/agorechi.cl\/index.php\/wp-json\/wp\/v2\/tags?post=1467"}],"curies":[{"name":"wp","href":"https:\/\/api.w.org\/{rel}","templated":true}]}}